{"id":254430,"date":"2023-05-22T14:27:52","date_gmt":"2023-05-22T14:27:52","guid":{"rendered":"http:\/\/dsinjurydev.local\/eres-victima-de-la-ira-al-volante\/"},"modified":"2023-05-22T14:27:52","modified_gmt":"2023-05-22T14:27:52","slug":"eres-victima-de-la-ira-al-volante","status":"publish","type":"post","link":"https:\/\/www.dsinjury.com\/es\/eres-victima-de-la-ira-al-volante\/","title":{"rendered":"\u00bfEres v\u00edctima de la ira al volante?"},"content":{"rendered":"<p>Todos hemos experimentado la ira al volante. Es cuando una persona se pone al volante mientras experimenta una ira extrema y la descarga con otros conductores o peatones. La ira al volante es muy parecida a la conducci\u00f3n ebria, en el sentido de que la ira incontrolable del conductor puede afectar sus facultades mentales como lo har\u00eda el alcohol. Tambi\u00e9n es una de las principales causas de accidentes de tr\u00e1fico. El problema es que es m\u00e1s dif\u00edcil presentar una reclamaci\u00f3n contra un conductor enfadado que contra uno ebrio. Los alcohol\u00edmetros solo tienen en cuenta la intoxicaci\u00f3n, no la agresividad. \u00bfC\u00f3mo sabr\u00edas entonces si eres v\u00edctima de la ira al volante?      <\/p>\n<h2>C\u00f3mo saber si otro conductor muestra signos de ira al volante<\/h2>\n<p>Los conductores que sufren de ira al volante son m\u00e1s propensos a <a href=\"https:\/\/www.apa.org\/topics\/anger\/road-rage\">comportamientos peligrosos<\/a> en la carretera. Tienden a proyectar su estr\u00e9s y hostilidad hacia conductores, ciclistas y peatones desprevenidos. Cuando est\u00e9s en la carretera, debes tener cuidado con conductores irrazonablemente agresivos. Aqu\u00ed tienes se\u00f1ales a las que deber\u00edas estar atento:   <\/p>\n<ul>\n<li>Un conductor que excede de velocidad o intenta exceder la velocidad incluso en el tr\u00e1fico<\/li>\n<li>Un conductor que sigue demasiado de cerca a otros veh\u00edculos<\/li>\n<li>Un conductor que ignora sem\u00e1foros o se\u00f1ales de tr\u00e1fico<\/li>\n<li>Un conductor que cambia de carril sin se\u00f1alizar<\/li>\n<li>Un conductor tocando el claxon sin parar<\/li>\n<li>Un conductor gritando o haciendo gestos obscenos con las manos<\/li>\n<\/ul>\n<p>Si sientes que un conductor agresivo est\u00e1 desviando su enfado hacia ti, no intervieses. Puede ser una experiencia aterradora cuando un conductor enfadado te est\u00e1 atacando y victimizando. Intenta mantener una distancia segura detr\u00e1s de ellos. Recuerda que ya han perdido los nervios, as\u00ed que no pierdas la tuya.   <\/p>\n<h2>\u00bfY si el conductor agresivo provoca un accidente de coche?<\/h2>\n<p>Llama inmediatamente a la polic\u00eda porque pueden causar algo m\u00e1s que da\u00f1os materiales. Puedes presentar una demanda por lesiones personales ya que el conductor condujo de forma temeraria y negligente. El hecho de que decidieras quedarte quieto mientras el conductor te victimizaba en la carretera no significa que debas hacer lo mismo en la sala del tribunal.  <\/p>\n","protected":false},"excerpt":{"rendered":"<p>Todos hemos experimentado la ira al volante. Es cuando una persona se pone al volante mientras experimenta una ira extrema y la descarga con otros conductores o peatones. La ira al volante es muy parecida a la conducci\u00f3n ebria, en el sentido de que la ira incontrolable del conductor puede afectar sus facultades mentales como [&hellip;]<\/p>\n","protected":false},"author":12,"featured_media":0,"comment_status":"closed","ping_status":"closed","sticky":false,"template":"","format":"standard","meta":{"_acf_changed":false,"footnotes":""},"categories":[67,66,63],"tags":[],"class_list":["post-254430","post","type-post","status-publish","format-standard","hentry","category-accidentes-de-coche","category-accidentes-de-vehiculos-a-motor","category-lesiones-personales"],"acf":[],"yoast_head":"<!-- This site is optimized with the Yoast SEO plugin v27.5 - https:\/\/yoast.com\/product\/yoast-seo-wordpress\/ -->\n<title>\u00bfEres v\u00edctima de la ira al volante?<\/title>\n<meta name=\"description\" content=\"%\" \/>\n<meta name=\"robots\" content=\"index, follow, max-snippet:-1, max-image-preview:large, max-video-preview:-1\" \/>\n<link rel=\"canonical\" href=\"https:\/\/www.dsinjury.com\/es\/eres-victima-de-la-ira-al-volante\/\" \/>\n<meta property=\"og:locale\" content=\"es_ES\" \/>\n<meta property=\"og:type\" content=\"article\" \/>\n<meta property=\"og:title\" content=\"\u00bfEres v\u00edctima de la ira al volante?\" \/>\n<meta property=\"og:description\" content=\"%\" \/>\n<meta property=\"og:url\" content=\"https:\/\/www.dsinjury.com\/es\/eres-victima-de-la-ira-al-volante\/\" \/>\n<meta property=\"og:site_name\" content=\"Dumas &amp; Sanclemente Law, PLLC\" \/>\n<meta property=\"article:publisher\" content=\"https:\/\/www.facebook.com\/DSinjury\/\" \/>\n<meta property=\"article:published_time\" content=\"2023-05-22T14:27:52+00:00\" \/>\n<meta property=\"og:image\" content=\"https:\/\/www.dsinjury.com\/wp-content\/uploads\/2025\/11\/ds_social.webp\" \/>\n\t<meta property=\"og:image:width\" content=\"1200\" \/>\n\t<meta property=\"og:image:height\" content=\"630\" \/>\n\t<meta property=\"og:image:type\" content=\"image\/webp\" \/>\n<meta name=\"author\" content=\"rsteven@findlaw.com\" \/>\n<meta name=\"twitter:card\" content=\"summary_large_image\" \/>\n<meta name=\"twitter:label1\" content=\"Escrito por\" \/>\n\t<meta name=\"twitter:data1\" content=\"rsteven@findlaw.com\" \/>\n\t<meta name=\"twitter:label2\" content=\"Tiempo de lectura\" \/>\n\t<meta name=\"twitter:data2\" content=\"2 minutos\" \/>\n<script type=\"application\/ld+json\" class=\"yoast-schema-graph\">{\"@context\":\"https:\\\/\\\/schema.org\",\"@graph\":[{\"@type\":[\"Article\",\"BlogPosting\"],\"@id\":\"https:\\\/\\\/www.dsinjury.com\\\/es\\\/eres-victima-de-la-ira-al-volante\\\/#article\",\"isPartOf\":{\"@id\":\"https:\\\/\\\/www.dsinjury.com\\\/es\\\/eres-victima-de-la-ira-al-volante\\\/\"},\"author\":{\"name\":\"rsteven@findlaw.com\",\"@id\":\"https:\\\/\\\/www.dsinjury.com\\\/es\\\/#\\\/schema\\\/person\\\/48547cf7385fc903b8b0f53337e416b0\"},\"headline\":\"\u00bfEres v\u00edctima de la ira al volante?\",\"datePublished\":\"2023-05-22T14:27:52+00:00\",\"mainEntityOfPage\":{\"@id\":\"https:\\\/\\\/www.dsinjury.com\\\/es\\\/eres-victima-de-la-ira-al-volante\\\/\"},\"wordCount\":383,\"publisher\":{\"@id\":\"https:\\\/\\\/www.dsinjury.com\\\/es\\\/#organization\"},\"articleSection\":[\"Accidentes de coche\",\"Accidentes de Veh\u00edculos a Motor\",\"Lesiones personales\"],\"inLanguage\":\"es\"},{\"@type\":\"WebPage\",\"@id\":\"https:\\\/\\\/www.dsinjury.com\\\/es\\\/eres-victima-de-la-ira-al-volante\\\/\",\"url\":\"https:\\\/\\\/www.dsinjury.com\\\/es\\\/eres-victima-de-la-ira-al-volante\\\/\",\"name\":\"\u00bfEres v\u00edctima de la ira al volante?\",\"isPartOf\":{\"@id\":\"https:\\\/\\\/www.dsinjury.com\\\/es\\\/#website\"},\"datePublished\":\"2023-05-22T14:27:52+00:00\",\"description\":\"%\",\"breadcrumb\":{\"@id\":\"https:\\\/\\\/www.dsinjury.com\\\/es\\\/eres-victima-de-la-ira-al-volante\\\/#breadcrumb\"},\"inLanguage\":\"es\",\"potentialAction\":[{\"@type\":\"ReadAction\",\"target\":[\"https:\\\/\\\/www.dsinjury.com\\\/es\\\/eres-victima-de-la-ira-al-volante\\\/\"]}]},{\"@type\":\"BreadcrumbList\",\"@id\":\"https:\\\/\\\/www.dsinjury.com\\\/es\\\/eres-victima-de-la-ira-al-volante\\\/#breadcrumb\",\"itemListElement\":[{\"@type\":\"ListItem\",\"position\":1,\"name\":\"Hogar\",\"item\":\"https:\\\/\\\/www.dsinjury.com\\\/es\\\/\"},{\"@type\":\"ListItem\",\"position\":2,\"name\":\"\u00bfEres v\u00edctima de la ira al volante?\"}]},{\"@type\":\"WebSite\",\"@id\":\"https:\\\/\\\/www.dsinjury.com\\\/es\\\/#website\",\"url\":\"https:\\\/\\\/www.dsinjury.com\\\/es\\\/\",\"name\":\"Dumas & Sanclemente Law, PLLC\",\"description\":\"Dumas &amp; Sanclemente Law, PLLC\",\"publisher\":{\"@id\":\"https:\\\/\\\/www.dsinjury.com\\\/es\\\/#organization\"},\"alternateName\":\"Dumas & Sanclemente Law\",\"potentialAction\":[{\"@type\":\"SearchAction\",\"target\":{\"@type\":\"EntryPoint\",\"urlTemplate\":\"https:\\\/\\\/www.dsinjury.com\\\/es\\\/?s={search_term_string}\"},\"query-input\":{\"@type\":\"PropertyValueSpecification\",\"valueRequired\":true,\"valueName\":\"search_term_string\"}}],\"inLanguage\":\"es\"},{\"@type\":\"Organization\",\"@id\":\"https:\\\/\\\/www.dsinjury.com\\\/es\\\/#organization\",\"name\":\"Dumas & Sanclemente Law, PLLC\",\"alternateName\":\"Dumas & Sanclemente Law\",\"url\":\"https:\\\/\\\/www.dsinjury.com\\\/es\\\/\",\"logo\":{\"@type\":\"ImageObject\",\"inLanguage\":\"es\",\"@id\":\"https:\\\/\\\/www.dsinjury.com\\\/es\\\/#\\\/schema\\\/logo\\\/image\\\/\",\"url\":\"https:\\\/\\\/www.dsinjury.com\\\/wp-content\\\/uploads\\\/2025\\\/11\\\/ds_icon_696.webp\",\"contentUrl\":\"https:\\\/\\\/www.dsinjury.com\\\/wp-content\\\/uploads\\\/2025\\\/11\\\/ds_icon_696.webp\",\"width\":696,\"height\":696,\"caption\":\"Dumas & Sanclemente Law, PLLC\"},\"image\":{\"@id\":\"https:\\\/\\\/www.dsinjury.com\\\/es\\\/#\\\/schema\\\/logo\\\/image\\\/\"},\"sameAs\":[\"https:\\\/\\\/www.facebook.com\\\/DSinjury\\\/\",\"https:\\\/\\\/www.linkedin.com\\\/company\\\/dumas-and-sanclemente-law-pllc\\\/\",\"https:\\\/\\\/www.instagram.com\\\/dsinjury\\\/?hl=en\"]},{\"@type\":\"Person\",\"@id\":\"https:\\\/\\\/www.dsinjury.com\\\/es\\\/#\\\/schema\\\/person\\\/48547cf7385fc903b8b0f53337e416b0\",\"name\":\"rsteven@findlaw.com\",\"image\":{\"@type\":\"ImageObject\",\"inLanguage\":\"es\",\"@id\":\"https:\\\/\\\/secure.gravatar.com\\\/avatar\\\/ed3940e373c137988156e0d32f316c8854b061657c77acf16a7f1e70832438c4?s=96&d=mm&r=g\",\"url\":\"https:\\\/\\\/secure.gravatar.com\\\/avatar\\\/ed3940e373c137988156e0d32f316c8854b061657c77acf16a7f1e70832438c4?s=96&d=mm&r=g\",\"contentUrl\":\"https:\\\/\\\/secure.gravatar.com\\\/avatar\\\/ed3940e373c137988156e0d32f316c8854b061657c77acf16a7f1e70832438c4?s=96&d=mm&r=g\",\"caption\":\"rsteven@findlaw.com\"}}]}<\/script>\n<!-- \/ Yoast SEO plugin. -->","yoast_head_json":{"title":"\u00bfEres v\u00edctima de la ira al volante?","description":"%","robots":{"index":"index","follow":"follow","max-snippet":"max-snippet:-1","max-image-preview":"max-image-preview:large","max-video-preview":"max-video-preview:-1"},"canonical":"https:\/\/www.dsinjury.com\/es\/eres-victima-de-la-ira-al-volante\/","og_locale":"es_ES","og_type":"article","og_title":"\u00bfEres v\u00edctima de la ira al volante?","og_description":"%","og_url":"https:\/\/www.dsinjury.com\/es\/eres-victima-de-la-ira-al-volante\/","og_site_name":"Dumas &amp; Sanclemente Law, PLLC","article_publisher":"https:\/\/www.facebook.com\/DSinjury\/","article_published_time":"2023-05-22T14:27:52+00:00","og_image":[{"width":1200,"height":630,"url":"https:\/\/www.dsinjury.com\/wp-content\/uploads\/2025\/11\/ds_social.webp","type":"image\/webp"}],"author":"rsteven@findlaw.com","twitter_card":"summary_large_image","twitter_misc":{"Escrito por":"rsteven@findlaw.com","Tiempo de lectura":"2 minutos"},"schema":{"@context":"https:\/\/schema.org","@graph":[{"@type":["Article","BlogPosting"],"@id":"https:\/\/www.dsinjury.com\/es\/eres-victima-de-la-ira-al-volante\/#article","isPartOf":{"@id":"https:\/\/www.dsinjury.com\/es\/eres-victima-de-la-ira-al-volante\/"},"author":{"name":"rsteven@findlaw.com","@id":"https:\/\/www.dsinjury.com\/es\/#\/schema\/person\/48547cf7385fc903b8b0f53337e416b0"},"headline":"\u00bfEres v\u00edctima de la ira al volante?","datePublished":"2023-05-22T14:27:52+00:00","mainEntityOfPage":{"@id":"https:\/\/www.dsinjury.com\/es\/eres-victima-de-la-ira-al-volante\/"},"wordCount":383,"publisher":{"@id":"https:\/\/www.dsinjury.com\/es\/#organization"},"articleSection":["Accidentes de coche","Accidentes de Veh\u00edculos a Motor","Lesiones personales"],"inLanguage":"es"},{"@type":"WebPage","@id":"https:\/\/www.dsinjury.com\/es\/eres-victima-de-la-ira-al-volante\/","url":"https:\/\/www.dsinjury.com\/es\/eres-victima-de-la-ira-al-volante\/","name":"\u00bfEres v\u00edctima de la ira al volante?","isPartOf":{"@id":"https:\/\/www.dsinjury.com\/es\/#website"},"datePublished":"2023-05-22T14:27:52+00:00","description":"%","breadcrumb":{"@id":"https:\/\/www.dsinjury.com\/es\/eres-victima-de-la-ira-al-volante\/#breadcrumb"},"inLanguage":"es","potentialAction":[{"@type":"ReadAction","target":["https:\/\/www.dsinjury.com\/es\/eres-victima-de-la-ira-al-volante\/"]}]},{"@type":"BreadcrumbList","@id":"https:\/\/www.dsinjury.com\/es\/eres-victima-de-la-ira-al-volante\/#breadcrumb","itemListElement":[{"@type":"ListItem","position":1,"name":"Hogar","item":"https:\/\/www.dsinjury.com\/es\/"},{"@type":"ListItem","position":2,"name":"\u00bfEres v\u00edctima de la ira al volante?"}]},{"@type":"WebSite","@id":"https:\/\/www.dsinjury.com\/es\/#website","url":"https:\/\/www.dsinjury.com\/es\/","name":"Dumas & Sanclemente Law, PLLC","description":"Dumas &amp; Sanclemente Law, PLLC","publisher":{"@id":"https:\/\/www.dsinjury.com\/es\/#organization"},"alternateName":"Dumas & Sanclemente Law","potentialAction":[{"@type":"SearchAction","target":{"@type":"EntryPoint","urlTemplate":"https:\/\/www.dsinjury.com\/es\/?s={search_term_string}"},"query-input":{"@type":"PropertyValueSpecification","valueRequired":true,"valueName":"search_term_string"}}],"inLanguage":"es"},{"@type":"Organization","@id":"https:\/\/www.dsinjury.com\/es\/#organization","name":"Dumas & Sanclemente Law, PLLC","alternateName":"Dumas & Sanclemente Law","url":"https:\/\/www.dsinjury.com\/es\/","logo":{"@type":"ImageObject","inLanguage":"es","@id":"https:\/\/www.dsinjury.com\/es\/#\/schema\/logo\/image\/","url":"https:\/\/www.dsinjury.com\/wp-content\/uploads\/2025\/11\/ds_icon_696.webp","contentUrl":"https:\/\/www.dsinjury.com\/wp-content\/uploads\/2025\/11\/ds_icon_696.webp","width":696,"height":696,"caption":"Dumas & Sanclemente Law, PLLC"},"image":{"@id":"https:\/\/www.dsinjury.com\/es\/#\/schema\/logo\/image\/"},"sameAs":["https:\/\/www.facebook.com\/DSinjury\/","https:\/\/www.linkedin.com\/company\/dumas-and-sanclemente-law-pllc\/","https:\/\/www.instagram.com\/dsinjury\/?hl=en"]},{"@type":"Person","@id":"https:\/\/www.dsinjury.com\/es\/#\/schema\/person\/48547cf7385fc903b8b0f53337e416b0","name":"rsteven@findlaw.com","image":{"@type":"ImageObject","inLanguage":"es","@id":"https:\/\/secure.gravatar.com\/avatar\/ed3940e373c137988156e0d32f316c8854b061657c77acf16a7f1e70832438c4?s=96&d=mm&r=g","url":"https:\/\/secure.gravatar.com\/avatar\/ed3940e373c137988156e0d32f316c8854b061657c77acf16a7f1e70832438c4?s=96&d=mm&r=g","contentUrl":"https:\/\/secure.gravatar.com\/avatar\/ed3940e373c137988156e0d32f316c8854b061657c77acf16a7f1e70832438c4?s=96&d=mm&r=g","caption":"rsteven@findlaw.com"}}]}},"_links":{"self":[{"href":"https:\/\/www.dsinjury.com\/es\/wp-json\/wp\/v2\/posts\/254430","targetHints":{"allow":["GET"]}}],"collection":[{"href":"https:\/\/www.dsinjury.com\/es\/wp-json\/wp\/v2\/posts"}],"about":[{"href":"https:\/\/www.dsinjury.com\/es\/wp-json\/wp\/v2\/types\/post"}],"author":[{"embeddable":true,"href":"https:\/\/www.dsinjury.com\/es\/wp-json\/wp\/v2\/users\/12"}],"replies":[{"embeddable":true,"href":"https:\/\/www.dsinjury.com\/es\/wp-json\/wp\/v2\/comments?post=254430"}],"version-history":[{"count":0,"href":"https:\/\/www.dsinjury.com\/es\/wp-json\/wp\/v2\/posts\/254430\/revisions"}],"wp:attachment":[{"href":"https:\/\/www.dsinjury.com\/es\/wp-json\/wp\/v2\/media?parent=254430"}],"wp:term":[{"taxonomy":"category","embeddable":true,"href":"https:\/\/www.dsinjury.com\/es\/wp-json\/wp\/v2\/categories?post=254430"},{"taxonomy":"post_tag","embeddable":true,"href":"https:\/\/www.dsinjury.com\/es\/wp-json\/wp\/v2\/tags?post=254430"}],"curies":[{"name":"wp","href":"https:\/\/api.w.org\/{rel}","templated":true}]}}